{"id":2375,"date":"2026-03-12T15:39:40","date_gmt":"2026-03-12T15:39:40","guid":{"rendered":"https:\/\/aedlv.pt\/?p=2375"},"modified":"2026-04-22T11:04:03","modified_gmt":"2026-04-22T10:04:03","slug":"suporte-basico-de-vida-no-aedlv","status":"publish","type":"post","link":"https:\/\/aedlv.pt\/?p=2375","title":{"rendered":"Suporte B\u00e1sico de Vida no AEDLV"},"content":{"rendered":"\t\t<div data-elementor-type=\"wp-post\" data-elementor-id=\"2375\" class=\"elementor elementor-2375\" data-elementor-post-type=\"post\">\n\t\t\t\t<div class=\"elementor-element elementor-element-0fc5fcb e-grid e-con-boxed e-con e-parent\" data-id=\"0fc5fcb\" data-element_type=\"container\">\n\t\t\t\t\t<div class=\"e-con-inner\">\n\t\t\t\t<div class=\"elementor-element elementor-element-6b450c6 elementor-widget elementor-widget-image\" data-id=\"6b450c6\" data-element_type=\"widget\" data-widget_type=\"image.default\">\n\t\t\t\t<div class=\"elementor-widget-container\">\n\t\t\t\t\t\t\t\t\t\t\t\t\t\t\t<img fetchpriority=\"high\" decoding=\"async\" width=\"1024\" height=\"461\" src=\"https:\/\/aedlv.pt\/wp-content\/uploads\/2026\/03\/Rib2.jpg\" class=\"attachment-large size-large wp-image-2381\" alt=\"\" \/>\t\t\t\t\t\t\t\t\t\t\t\t\t\t\t<\/div>\n\t\t\t\t<\/div>\n\t\t\t\t<div class=\"elementor-element elementor-element-3684277 elementor-widget elementor-widget-image\" data-id=\"3684277\" data-element_type=\"widget\" data-widget_type=\"image.default\">\n\t\t\t\t<div class=\"elementor-widget-container\">\n\t\t\t\t\t\t\t\t\t\t\t\t\t\t\t<img decoding=\"async\" width=\"1024\" height=\"699\" src=\"https:\/\/aedlv.pt\/wp-content\/uploads\/2026\/03\/Anexo-noticia-bombeiro.png\" class=\"attachment-large size-large wp-image-2386\" alt=\"\" \/>\t\t\t\t\t\t\t\t\t\t\t\t\t\t\t<\/div>\n\t\t\t\t<\/div>\n\t\t\t\t<div class=\"elementor-element elementor-element-5091cc9 elementor-widget elementor-widget-image\" data-id=\"5091cc9\" data-element_type=\"widget\" data-widget_type=\"image.default\">\n\t\t\t\t<div class=\"elementor-widget-container\">\n\t\t\t\t\t\t\t\t\t\t\t\t\t\t\t<img decoding=\"async\" width=\"577\" height=\"1024\" src=\"https:\/\/aedlv.pt\/wp-content\/uploads\/2026\/03\/JR1-1.jpeg\" class=\"attachment-large size-large wp-image-2378\" alt=\"\" \/>\t\t\t\t\t\t\t\t\t\t\t\t\t\t\t<\/div>\n\t\t\t\t<\/div>\n\t\t\t\t<div class=\"elementor-element elementor-element-393ca12 elementor-widget elementor-widget-image\" data-id=\"393ca12\" data-element_type=\"widget\" data-widget_type=\"image.default\">\n\t\t\t\t<div class=\"elementor-widget-container\">\n\t\t\t\t\t\t\t\t\t\t\t\t\t\t\t<img loading=\"lazy\" decoding=\"async\" width=\"577\" height=\"1024\" src=\"https:\/\/aedlv.pt\/wp-content\/uploads\/2026\/03\/JR3.jpeg\" class=\"attachment-large size-large wp-image-2379\" alt=\"\" \/>\t\t\t\t\t\t\t\t\t\t\t\t\t\t\t<\/div>\n\t\t\t\t<\/div>\n\t\t\t\t<div class=\"elementor-element elementor-element-35df270 elementor-widget elementor-widget-image\" data-id=\"35df270\" data-element_type=\"widget\" data-widget_type=\"image.default\">\n\t\t\t\t<div class=\"elementor-widget-container\">\n\t\t\t\t\t\t\t\t\t\t\t\t\t\t\t<img loading=\"lazy\" decoding=\"async\" width=\"1024\" height=\"461\" src=\"https:\/\/aedlv.pt\/wp-content\/uploads\/2026\/03\/Rib1.jpg\" class=\"attachment-large size-large wp-image-2382\" alt=\"\" \/>\t\t\t\t\t\t\t\t\t\t\t\t\t\t\t<\/div>\n\t\t\t\t<\/div>\n\t\t\t\t\t<\/div>\n\t\t\t\t<\/div>\n\t\t<div class=\"elementor-element elementor-element-3287658d e-flex e-con-boxed e-con e-parent\" data-id=\"3287658d\" data-element_type=\"container\">\n\t\t\t\t\t<div class=\"e-con-inner\">\n\t\t\t\t<div class=\"elementor-element elementor-element-7e2b92c7 elementor-widget elementor-widget-text-editor\" data-id=\"7e2b92c7\" data-element_type=\"widget\" data-widget_type=\"text-editor.default\">\n\t\t\t\t<div class=\"elementor-widget-container\">\n\t\t\t\t\t\t\t\t\t\n<p>Nos dias 25 de fevereiro e 3 de mar\u00e7o, o AEDLV teve o prazer de receber uma equipa de formadores da Cruz Vermelha Portuguesa, delega\u00e7\u00e3o Lourinh\u00e3, para proporcionar aos alunos do 9.\u00ba ano forma\u00e7\u00e3o em pr\u00e9-socorro: dete\u00e7\u00e3o da emerg\u00eancia, alerta e Suporte B\u00e1sico de Vida. Os alunos das 10 turmas abrangidas por esta iniciativa do Projeto de Promo\u00e7\u00e3o e Educa\u00e7\u00e3o para a Sa\u00fade foram levados a compreender os princ\u00edpios inerentes \u00e0s\u00a0situa\u00e7\u00f5es de emerg\u00eancia\u00a0e puderam simular a realiza\u00e7\u00e3o do algoritmo do Suporte B\u00e1sico de Vida. O PES agradece a colabora\u00e7\u00e3o dos professores envolvidos\u00a0e, em especial, a boa disposi\u00e7\u00e3o, o profissionalismo e generosidade da equipa da CVP.\u00a0Esta, por sua vez, reitera o apelo para que os jovens abracem o voluntariado, visto que a Equipa da Juventude precisa de membros que tenham gosto por aprender e ajudar o pr\u00f3ximo, com dedica\u00e7\u00e3o e humildade.\u00a0<\/p>\n\n<p>\u00a0<\/p>\n\t\t\t\t\t\t\t\t<\/div>\n\t\t\t\t<\/div>\n\t\t\t\t\t<\/div>\n\t\t\t\t<\/div>\n\t\t\t\t<\/div>\n\t\t","protected":false},"excerpt":{"rendered":"<p>Nos dias 25 de fevereiro e 3 de mar\u00e7o, o AEDLV teve o prazer de receber uma equipa de formadores da Cruz Vermelha Portuguesa, delega\u00e7\u00e3o Lourinh\u00e3, para proporcionar aos alunos do 9.\u00ba ano forma\u00e7\u00e3o em pr\u00e9-socorro: dete\u00e7\u00e3o da emerg\u00eancia, alerta e Suporte B\u00e1sico de Vida. Os alunos das 10 turmas abrangidas por esta iniciativa do [&hellip;]<\/p>\n","protected":false},"author":7,"featured_media":0,"comment_status":"open","ping_status":"closed","sticky":false,"template":"","format":"standard","meta":{"_acf_changed":false,"footnotes":""},"categories":[1],"tags":[],"class_list":["post-2375","post","type-post","status-publish","format-standard","hentry","category-uncategorized"],"blocksy_meta":[],"acf":[],"_links":{"self":[{"href":"https:\/\/aedlv.pt\/index.php?rest_route=\/wp\/v2\/posts\/2375","targetHints":{"allow":["GET"]}}],"collection":[{"href":"https:\/\/aedlv.pt\/index.php?rest_route=\/wp\/v2\/posts"}],"about":[{"href":"https:\/\/aedlv.pt\/index.php?rest_route=\/wp\/v2\/types\/post"}],"author":[{"embeddable":true,"href":"https:\/\/aedlv.pt\/index.php?rest_route=\/wp\/v2\/users\/7"}],"replies":[{"embeddable":true,"href":"https:\/\/aedlv.pt\/index.php?rest_route=%2Fwp%2Fv2%2Fcomments&post=2375"}],"version-history":[{"count":5,"href":"https:\/\/aedlv.pt\/index.php?rest_route=\/wp\/v2\/posts\/2375\/revisions"}],"predecessor-version":[{"id":2413,"href":"https:\/\/aedlv.pt\/index.php?rest_route=\/wp\/v2\/posts\/2375\/revisions\/2413"}],"wp:attachment":[{"href":"https:\/\/aedlv.pt\/index.php?rest_route=%2Fwp%2Fv2%2Fmedia&parent=2375"}],"wp:term":[{"taxonomy":"category","embeddable":true,"href":"https:\/\/aedlv.pt\/index.php?rest_route=%2Fwp%2Fv2%2Fcategories&post=2375"},{"taxonomy":"post_tag","embeddable":true,"href":"https:\/\/aedlv.pt\/index.php?rest_route=%2Fwp%2Fv2%2Ftags&post=2375"}],"curies":[{"name":"wp","href":"https:\/\/api.w.org\/{rel}","templated":true}]}}