{"id":2385,"date":"2026-03-13T16:01:23","date_gmt":"2026-03-13T16:01:23","guid":{"rendered":"https:\/\/aedlv.pt\/?p=2385"},"modified":"2026-03-13T16:01:23","modified_gmt":"2026-03-13T16:01:23","slug":"aedlv-assinala-dia-nacional-do-doente-coronario-14-de-fevereiro-com-a-colaboracao-dos-bombeiros-voluntarios-da-lourinha","status":"publish","type":"post","link":"https:\/\/aedlv.pt\/?p=2385","title":{"rendered":"AEDLV assinala Dia Nacional do Doente Coron\u00e1rio (14 de fevereiro) com a colabora\u00e7\u00e3o dos Bombeiros Volunt\u00e1rios da Lourinh\u00e3"},"content":{"rendered":"\n<blockquote class=\"wp-block-quote is-layout-flow wp-block-quote-is-layout-flow\">\n<p>Nos dias 11 e 26 de mar\u00e7o, o nosso Agrupamento de Escolas n\u00e3o se limitou a falar de sa\u00fade nos livros; pass\u00e1mos \u00e0 a\u00e7\u00e3o! Para celebrar o Dia Nacional do Doente Coron\u00e1rio, recebemos a visita do Bombeiro Emanuel Seleiro dos Bombeiros Volunt\u00e1rios da Lourinh\u00e3 para uma sess\u00e3o pr\u00e1tica e demonstrativa sobre Suporte B\u00e1sico de Vida (SBV) destinada aos alunos do 6\u00ba ano \u2013 tr\u00eas turmas da Escola B\u00e1sica de Ribamar e cinco turmas da Escola B\u00e1sica Dr. Jo\u00e3o das Regras. Esta data recorda-nos a import\u00e2ncia de cuidar do cora\u00e7\u00e3o e, acima de tudo, de saber reagir quando algo corre mal. Na sess\u00e3o, os alunos aprenderam que, perante uma emerg\u00eancia, o mais importante \u00e9 manter a calma e ligar imediatamente para o 112. Mas o momento alto foi a demonstra\u00e7\u00e3o das compress\u00f5es tor\u00e1cicas, em que os alunos tiveram oportunidade de observar o bombeiro a praticar no manequim, percebendo assim for\u00e7a e a rapidez necess\u00e1rias para manter um cora\u00e7\u00e3o a &#8220;bater&#8221; at\u00e9 \u00e0 chegada da ambul\u00e2ncia. Os alunos aprenderam tamb\u00e9m a colocar uma pessoa na Posi\u00e7\u00e3o Lateral de Seguran\u00e7a (PLS), uma t\u00e9cnica simples que pode salvar algu\u00e9m de sufocar. Com esta iniciativa, a nossa escola refor\u00e7a que a seguran\u00e7a e a solidariedade andam de m\u00e3os dadas. N\u00e3o poder\u00edamos terminar sem deixar um agradecimento muito especial ao bombeiro Emanuel Seleiro, pela sua paci\u00eancia, clareza e dedica\u00e7\u00e3o ao ensinar aos nossos alunos gestos que salvam vidas. O nosso \u201cMuito Obrigado\u201d! Gra\u00e7as \u00e0 sua presen\u00e7a, a nossa escola est\u00e1 hoje mais segura e cheia de novos &#8220;socorristas&#8221; prontos a ajudar o pr\u00f3ximo.<\/p>\n\n\n\n<p>O projeto PES agradece a colabora\u00e7\u00e3o e disponibilidade dos professores envolvidos na atividade.<\/p>\n<\/blockquote>\n\n\n\n<figure class=\"wp-block-image size-full\"><img fetchpriority=\"high\" decoding=\"async\" width=\"1722\" height=\"1176\" src=\"http:\/\/aedlv.pt\/wp-content\/uploads\/2026\/03\/Anexo-noticia-bombeiro.png\" alt=\"\" class=\"wp-image-2386\"\/><\/figure>\n","protected":false},"excerpt":{"rendered":"<p>Nos dias 11 e 26 de mar\u00e7o, o nosso Agrupamento de Escolas n\u00e3o se limitou a falar de sa\u00fade nos livros; pass\u00e1mos \u00e0 a\u00e7\u00e3o! Para celebrar o Dia Nacional do Doente Coron\u00e1rio, recebemos a visita do Bombeiro Emanuel Seleiro dos Bombeiros Volunt\u00e1rios da Lourinh\u00e3 para uma sess\u00e3o pr\u00e1tica e demonstrativa sobre Suporte B\u00e1sico de Vida [&hellip;]<\/p>\n","protected":false},"author":7,"featured_media":0,"comment_status":"open","ping_status":"closed","sticky":false,"template":"","format":"standard","meta":{"_acf_changed":false,"footnotes":""},"categories":[1],"tags":[],"class_list":["post-2385","post","type-post","status-publish","format-standard","hentry","category-uncategorized"],"blocksy_meta":[],"acf":[],"_links":{"self":[{"href":"https:\/\/aedlv.pt\/index.php?rest_route=\/wp\/v2\/posts\/2385","targetHints":{"allow":["GET"]}}],"collection":[{"href":"https:\/\/aedlv.pt\/index.php?rest_route=\/wp\/v2\/posts"}],"about":[{"href":"https:\/\/aedlv.pt\/index.php?rest_route=\/wp\/v2\/types\/post"}],"author":[{"embeddable":true,"href":"https:\/\/aedlv.pt\/index.php?rest_route=\/wp\/v2\/users\/7"}],"replies":[{"embeddable":true,"href":"https:\/\/aedlv.pt\/index.php?rest_route=%2Fwp%2Fv2%2Fcomments&post=2385"}],"version-history":[{"count":1,"href":"https:\/\/aedlv.pt\/index.php?rest_route=\/wp\/v2\/posts\/2385\/revisions"}],"predecessor-version":[{"id":2387,"href":"https:\/\/aedlv.pt\/index.php?rest_route=\/wp\/v2\/posts\/2385\/revisions\/2387"}],"wp:attachment":[{"href":"https:\/\/aedlv.pt\/index.php?rest_route=%2Fwp%2Fv2%2Fmedia&parent=2385"}],"wp:term":[{"taxonomy":"category","embeddable":true,"href":"https:\/\/aedlv.pt\/index.php?rest_route=%2Fwp%2Fv2%2Fcategories&post=2385"},{"taxonomy":"post_tag","embeddable":true,"href":"https:\/\/aedlv.pt\/index.php?rest_route=%2Fwp%2Fv2%2Ftags&post=2385"}],"curies":[{"name":"wp","href":"https:\/\/api.w.org\/{rel}","templated":true}]}}